{"id":594,"date":"2014-05-27T00:00:25","date_gmt":"2014-05-26T22:00:25","guid":{"rendered":"http:\/\/www.ilcavallorosso.it\/?p=594"},"modified":"2014-07-19T17:25:17","modified_gmt":"2014-07-19T15:25:17","slug":"nuovo-consiglio-di-amministrazione-dal-15-maggio-2014","status":"publish","type":"post","link":"https:\/\/www.ilcavallorosso.it\/index.php\/nuovo-consiglio-di-amministrazione-dal-15-maggio-2014\/","title":{"rendered":"NUOVO CONSIGLIO DI AMMINISTRAZIONE \/ dal 15 maggio 2014"},"content":{"rendered":"<p align=\"center\"><b>UN\u2019ANTROPOLOGIA ADEGUATA ALLA VERA NATURA DELL\u2019UOMO<\/b><br \/>\n<em>\u201cC&#8217;\u00e8 bisogno dunque del contributo di ognuno di noi, di ogni persona, famiglia o gruppo sociale, perch\u00e9 la societ\u00e0, a cominciare da questa nostra citt\u00e0 di Roma, diventi un ambiente pi\u00f9 favorevole all&#8217;educazione\u2026. anima dell&#8217;educazione, come dell&#8217;intera vita, pu\u00f2 essere solo una speranza affidabile. Oggi la nostra speranza \u00e8 insidiata da molte parti e rischiamo di ridiventare anche noi, come gli antichi pagani, uomini &#8220;senza speranza e senza Dio in questo mondo&#8221;, \u2026 Proprio da qui nasce la difficolt\u00e0 forse pi\u00f9 profonda per una vera opera educativa: alla radice della crisi dell&#8217;educazione c&#8217;\u00e8 infatti una crisi di fiducia nella vita.\u201d<\/em><\/p>\n<p align=\"right\">Benedetto XVI nella Lettera sull\u2019Educazione il 18 gennaio 2008.<\/p>\n<hr>\n<p align=\"right\">Alla cortese attenzione dei soci<br \/>\nFondazione Il Cavallo Rosso<br \/>\nCarate Brianza, 27 maggio 2014<\/p>\n<p>Nella serata di gioved\u00ec 15 maggio 2014 \u00e8 stato rinnovato il Consiglio di Amministrazione della <i>Fondazione Il Cavallo Rosso<\/i> per il triennio 2014-2017.<\/p>\n<p>I nuovi membri sono:<\/p>\n<ul>\n<li>Arrigoni Bruno, socio costituente<\/li>\n<li>Frigerio Riccardo, socio sostenitore<\/li>\n<li>Siboni Silvia, socio fondatore<\/li>\n<\/ul>\n<p>Restano in carica i seguenti membri:<\/p>\n<ul>\n<li>Bertacco Mario, socio fondatore<\/li>\n<li>Galbiati Piero, socio costituente<\/li>\n<li>Ronzoni Simone, socio costituente<\/li>\n<li>Santambrogio Giovanni, socio fondatore<\/li>\n<li>Sanvito Giovanni Antonio, socio costituente e membro nominato\u00a0dall\u2019Istituzione Culturale Don Carlo Gnocchi<\/li>\n<li>Sironi Federico, socio costituente<\/li>\n<li>Villa Ettore, socio costituente<\/li>\n<\/ul>\n<p>L\u2019insediamento avverr\u00e0 durante il Consiglio di Amministrazione di luned\u00ec 9 giugno.<\/p>\n<p>Cogliamo l\u2019occasione di ringraziare tutti coloro che hanno partecipato alla serata e che sostengono, con modalit\u00e0 diverse, la Fondazione ed il suo operato.<\/p>\n<p>Cordiali saluti.<\/p>\n<p align=\"right\">Per il nuovo Consiglio di Amministrazione<br \/>\nIl Presidente della Fondazione<br \/>\nEttore Villa<\/p>\n","protected":false},"excerpt":{"rendered":"<p>UN\u2019ANTROPOLOGIA ADEGUATA ALLA VERA NATURA DELL\u2019UOMO \u201cC&#8217;\u00e8 bisogno dunque del contributo di ognuno di noi, di ogni persona, famiglia o gruppo sociale, perch\u00e9 la societ\u00e0, a cominciare da questa nostra citt\u00e0 di Roma, diventi un ambiente pi\u00f9 favorevole all&#8217;educazione\u2026. anima dell&#8217;educazione, come dell&#8217;intera vita, pu\u00f2 essere solo una speranza affidabile. Oggi la nostra speranza \u00e8 [&hellip;]<\/p>\n","protected":false},"author":1,"featured_media":0,"comment_status":"open","ping_status":"open","sticky":false,"template":"","format":"standard","meta":{"_et_pb_use_builder":"","_et_pb_old_content":"","_et_gb_content_width":"","footnotes":""},"categories":[3],"tags":[],"class_list":["post-594","post","type-post","status-publish","format-standard","hentry","category-ultime-news"],"_links":{"self":[{"href":"https:\/\/www.ilcavallorosso.it\/index.php\/wp-json\/wp\/v2\/posts\/594","targetHints":{"allow":["GET"]}}],"collection":[{"href":"https:\/\/www.ilcavallorosso.it\/index.php\/wp-json\/wp\/v2\/posts"}],"about":[{"href":"https:\/\/www.ilcavallorosso.it\/index.php\/wp-json\/wp\/v2\/types\/post"}],"author":[{"embeddable":true,"href":"https:\/\/www.ilcavallorosso.it\/index.php\/wp-json\/wp\/v2\/users\/1"}],"replies":[{"embeddable":true,"href":"https:\/\/www.ilcavallorosso.it\/index.php\/wp-json\/wp\/v2\/comments?post=594"}],"version-history":[{"count":5,"href":"https:\/\/www.ilcavallorosso.it\/index.php\/wp-json\/wp\/v2\/posts\/594\/revisions"}],"predecessor-version":[{"id":609,"href":"https:\/\/www.ilcavallorosso.it\/index.php\/wp-json\/wp\/v2\/posts\/594\/revisions\/609"}],"wp:attachment":[{"href":"https:\/\/www.ilcavallorosso.it\/index.php\/wp-json\/wp\/v2\/media?parent=594"}],"wp:term":[{"taxonomy":"category","embeddable":true,"href":"https:\/\/www.ilcavallorosso.it\/index.php\/wp-json\/wp\/v2\/categories?post=594"},{"taxonomy":"post_tag","embeddable":true,"href":"https:\/\/www.ilcavallorosso.it\/index.php\/wp-json\/wp\/v2\/tags?post=594"}],"curies":[{"name":"wp","href":"https:\/\/api.w.org\/{rel}","templated":true}]}}